[{"@context":"https:\/\/schema.org\/","@type":"BlogPosting","@id":"https:\/\/www.manuristrategies.com\/blog\/2025\/04\/29\/une-campagne-marque-employeur-qui-resonne-encore\/#BlogPosting","mainEntityOfPage":"https:\/\/www.manuristrategies.com\/blog\/2025\/04\/29\/une-campagne-marque-employeur-qui-resonne-encore\/","headline":"15 ans plus tard : Une campagne de marque employeur qui r\u00e9sonne encore","name":"15 ans plus tard : Une campagne de marque employeur qui r\u00e9sonne encore","description":"Il y a 15 ans aujourd\u2019hui, je participais \u00e0 l\u2019une des campagnes de marque employeur les plus marquantes de ma carri\u00e8re.\u00a0Un projet audacieux, n\u00e9 d\u2019une situation critique, qui d\u00e9montre encore aujourd\u2019hui que l\u2019audace en marque employeur peut \u00eatre extr\u00eamement payante.\u00a0Retour sur cette offensive pas comme les autres. Le contexte : un h\u00f4pital \u00e0 bout de souffle En 2010, l\u2019H\u00f4pital Sacr\u00e9-C\u0153ur traversait une p\u00e9riode extr\u00eamement difficile.Malgr\u00e9 des affichages de postes un peu partout, l\u2019\u00e9quipe des ressources humaines n\u2019arrivait pas \u00e0 trouver le personnel de soutien dont l\u2019h\u00f4pital avait d\u00e9sesp\u00e9r\u00e9ment besoin.\u00a0La situation devenait critique. L\u2019organisation \u00e9tait \u00e0 bout de souffle. \u00c0 court de solutions, l\u2019\u00e9quipe RH a d\u00e9cid\u00e9 de faire appel \u00e0 l\u2019agence\u00a0Cart1er\u00a0et\u00a0moi.\u00a0Ils cherchaient un vrai changement. Un \u00e9lectrochoc.\u00a0Et de notre c\u00f4t\u00e9, nous \u00e9tions excit\u00e9s : c\u2019est rare de recevoir un mandat qui ne vise pas \u00e0 vendre plus, mais plut\u00f4t \u00e0 attirer des talents essentiels. Une id\u00e9e qui sortait de l\u2019ordinaire Il fallait absolument casser l\u2019image grise et aust\u00e8re associ\u00e9e \u00e0 l\u2019h\u00f4pital.\u00a0Il fallait cr\u00e9er un projet capable de g\u00e9n\u00e9rer de l\u2019\u00e9motion, de la fiert\u00e9\u2026 et surtout, de l\u2019attraction.\u00a0\u00c0 ce moment-l\u00e0, un ph\u00e9nom\u00e8ne montait en force sur YouTube aux \u00c9tats-Unis : les lipdubs \u2014 ces vid\u00e9os o\u00f9 les participants chantent en playback sur une chanson populaire, dans une mise en sc\u00e8ne vivante et d\u00e9cal\u00e9e.\u00a0Nous avons propos\u00e9 l\u2019id\u00e9e \u00e0 l\u2019h\u00f4pital.R\u00e9action? Beaucoup d\u2019h\u00e9sitations.\u00ab Un lipdub? C\u2019est quoi \u00e7a? \u00bb\u00a0Mais l\u2019urgence de la situation a pes\u00e9 lourd dans la balance : ils ont accept\u00e9 de tenter l\u2019exp\u00e9rience. Apr\u00e8s tout, ils n\u2019avaient rien \u00e0 perdre. Un succ\u00e8s viral\u2026 et historique Le r\u00e9sultat a d\u00e9pass\u00e9 toutes les attentes : \u2705 La vid\u00e9o est devenue virale et a \u00e9t\u00e9 reprise par plusieurs m\u00e9dias. \u2705 Les CVs affluaient tellement qu\u2019un employ\u00e9 a d\u00fb \u00eatre affect\u00e9 uniquement \u00e0 la gestion du fax\u2026 pour \u00e9viter de manquer de papier! \u2705 Lors des entrevues, des candidats se mettaient spontan\u00e9ment \u00e0 fredonner l\u2019air du lipdub. \u2705 La vid\u00e9o a remport\u00e9 plusieurs prix publicitaires. En quelques semaines seulement, l\u2019H\u00f4pital Sacr\u00e9-C\u0153ur est pass\u00e9 d\u2019une situation de recrutement critique \u00e0 747 nouvelles embauches. Une grande le\u00e7on de marketing employeur Ce projet nous rappelle une chose essentielle :\u00a0Le marketing, c\u2019est une question d\u2019investissement\u2026 et de prise de risque.\u00a0En osant sortir des sentiers battus, l\u2019H\u00f4pital Sacr\u00e9-C\u0153ur a non seulement r\u00e9ussi \u00e0 attirer des candidats, mais il a aussi redonn\u00e9 un souffle de vie et de fiert\u00e9 \u00e0 toute son \u00e9quipe.\u00a0Et comme on dit :Qui risque beaucoup\u2026 risque bien de gagner. Liens connexes La vid\u00e9o originaleReportage Radio-Canada\u00a0(j&rsquo;apparais \u00e0 1:39)\u00a0H\u00f4pital du Sacr\u00e9-Coeur: un\u00a0lipdub, et apr\u00e8s? (Article La Presse)L&rsquo;h\u00f4pital du Sacr\u00e9-Coeur recrute en chanson (TVA Nouvelles)Lipdub de Sacr\u00e9-Coeur fait le tour du monde","datePublished":"2025-04-29","dateModified":"2025-09-14","author":{"@type":"Person","@id":"https:\/\/www.manuristrategies.com\/blog\/author\/yannickmanurimedia-com\/#Person","name":"Manuri Strat\u00e9gies | Yannick Manuri","url":"https:\/\/www.manuristrategies.com\/blog\/author\/yannickmanurimedia-com\/","identifier":3,"image":{"@type":"ImageObject","@id":"https:\/\/secure.gravatar.com\/avatar\/ff96bfccbfee82ace16f1445c10bf5c7b48abd14370162c116e78416b69f8c84?s=96&d=mm&r=g","url":"https:\/\/secure.gravatar.com\/avatar\/ff96bfccbfee82ace16f1445c10bf5c7b48abd14370162c116e78416b69f8c84?s=96&d=mm&r=g","height":96,"width":96}},"publisher":{"@type":"Organization","name":"Manuri Strat\u00e9gies | Yannick Manuri","logo":{"@type":"ImageObject","@id":"https:\/\/www.manuristrategies.com\/wp-content\/uploads\/2022\/12\/manuri_logo_250x250.png","url":"https:\/\/www.manuristrategies.com\/wp-content\/uploads\/2022\/12\/manuri_logo_250x250.png","width":600,"height":60}},"image":{"@type":"ImageObject","@id":"https:\/\/www.manuristrategies.com\/wp-content\/uploads\/2025\/04\/sacre-coeur-lipdub-manuri.jpg","url":"https:\/\/www.manuristrategies.com\/wp-content\/uploads\/2025\/04\/sacre-coeur-lipdub-manuri.jpg","height":627,"width":1200},"url":"https:\/\/www.manuristrategies.com\/blog\/2025\/04\/29\/une-campagne-marque-employeur-qui-resonne-encore\/","video":[{"@context":"http:\/\/schema.org\/","@type":"VideoObject","@id":"https:\/\/www.youtube.com\/watch?v=wsx9AdPNUGM#VideoObject","contentUrl":"https:\/\/www.youtube.com\/watch?v=wsx9AdPNUGM","name":"Reportage LipDub H\u00f4pital Sacr\u00e9-Coeur \u00e0 Radio-Canada","description":"Les employ\u00e9s de l'H\u00f4pital du Sacr\u00e9-C\u0153ur \u00e0 Montr\u00e9al ont tourn\u00e9 un ambitieux lip dub sur la chanson Un jour, un jour de Donald Lautrec pour recruter du personnel.\r\n\r\nLe mandat fut r\u00e9alis\u00e9 par Cartier Communication et Espresso M\u00e9dia.","thumbnailUrl":["https:\/\/i.ytimg.com\/vi\/wsx9AdPNUGM\/default.jpg","https:\/\/i.ytimg.com\/vi\/wsx9AdPNUGM\/mqdefault.jpg","https:\/\/i.ytimg.com\/vi\/wsx9AdPNUGM\/hqdefault.jpg"],"uploadDate":"2010-01-12T01:52:16+00:00","duration":"PT2M27S","embedUrl":"https:\/\/www.youtube.com\/embed\/wsx9AdPNUGM","publisher":{"@type":"Organization","@id":"https:\/\/www.youtube.com\/channel\/UCDRuk9Rlb4w0MXa9G-zF2WA#Organization","url":"https:\/\/www.youtube.com\/channel\/UCDRuk9Rlb4w0MXa9G-zF2WA","name":"H\u00f4pital du Sacr\u00e9-Coeur de Montr\u00e9al","description":"Bienvenue sur la page de la Fondation de l'H\u00f4pital du Sacr\u00e9-Coeur de Montr\u00e9al (FHSCM). Membre du grand r\u00e9seau d'excellence en sant\u00e9 form\u00e9 de l'Universit\u00e9 de Montr\u00e9al et de ses \u00e9tablissements affili\u00e9s, l\u2019H\u00f4pital du Sacr\u00e9-Coeur de Montr\u00e9al est une installation du CIUSSS du-Nord-de-l\u2019\u00cele-de-Montr\u00e9al. Centre suprar\u00e9gional, il compte quatre axes strat\u00e9giques : la trauma -- soins aigus et critiques, la sant\u00e9 cardiovasculaire, la sant\u00e9 respiratoire et la sant\u00e9 mentale. Il comprend \u00e9galement deux secteurs de pointe, soit l'orthop\u00e9die tertiaire et la chirurgie bariatrique. Cr\u00e9\u00e9e en 1976, la Fondation contribue financi\u00e8rement aux objectifs de l'\u00e9tablissement de sant\u00e9 par une pr\u00e9sence soutenue aupr\u00e8s des leaders \u00e9conomiques et sociaux de la communaut\u00e9. Elle verse en moyenne plus de 4 millions de dollars par ann\u00e9e pour la r\u00e9alisation de projets jug\u00e9s prioritaires pour l\u2019h\u00f4pital. www.fondationhscm.org.","logo":{"url":"https:\/\/yt3.ggpht.com\/ytc\/AIdro_m6pG4buke2QvFMZVrynTi0Vz06fk3YdX307bcsh-K2SsM=s800-c-k-c0x00ffffff-no-rj","width":800,"height":800,"@type":"ImageObject","@id":"https:\/\/www.youtube.com\/watch?v=wsx9AdPNUGM#VideoObject_publisher_logo_ImageObject"}},"potentialAction":{"@type":"SeekToAction","@id":"https:\/\/www.youtube.com\/watch?v=wsx9AdPNUGM#VideoObject_potentialAction","target":"https:\/\/www.youtube.com\/watch?v=wsx9AdPNUGM&t={seek_to_second_number}","startOffset-input":"required name=seek_to_second_number"},"interactionStatistic":[[{"@type":"InteractionCounter","@id":"https:\/\/www.youtube.com\/watch?v=wsx9AdPNUGM#VideoObject_interactionStatistic_WatchAction","interactionType":{"@type":"WatchAction"},"userInteractionCount":7192}],{"@type":"InteractionCounter","@id":"https:\/\/www.youtube.com\/watch?v=wsx9AdPNUGM#VideoObject_interactionStatistic_LikeAction","interactionType":{"@type":"LikeAction"},"userInteractionCount":7}]},{"@context":"http:\/\/schema.org\/","@type":"VideoObject","@id":"https:\/\/www.youtube.com\/watch?v=9E90OI6hdyQ#VideoObject","contentUrl":"https:\/\/www.youtube.com\/watch?v=9E90OI6hdyQ","name":"H\u00f4pital Sacr\u00e9-Coeur Lip Dub","description":"Lip Dub r\u00e9alis\u00e9 en juin 2009 par les employ\u00e9s de l'H\u00f4pital du Sacr\u00e9-C\u0153ur de Montr\u00e9al, sur la chanson \u00ab Un jour, un jour \u00bb interpr\u00e9t\u00e9e par Donald Lautrec.\r\n\r\nTu es dynamique, tu n'as pas peur de relever mille d\u00e9fis \u00e0 l'heure et tu sais t'amuser? Alors joins-toi \u00e0 notre \u00e9quipe en nous faisant parvenir ton curriculum vit\u00e6 d\u00e8s maintenant.\r\n\r\nhttp:\/\/www.hscm.ca\/faites-carriere-a-lhscm\/un-emploi-vous-attend\/candidatures-spontannees\/index.html","thumbnailUrl":["https:\/\/i.ytimg.com\/vi\/9E90OI6hdyQ\/default.jpg","https:\/\/i.ytimg.com\/vi\/9E90OI6hdyQ\/mqdefault.jpg","https:\/\/i.ytimg.com\/vi\/9E90OI6hdyQ\/hqdefault.jpg"],"uploadDate":"2009-09-09T00:18:58+00:00","duration":"PT2M55S","embedUrl":"https:\/\/www.youtube.com\/embed\/9E90OI6hdyQ","publisher":{"@type":"Organization","@id":"https:\/\/www.youtube.com\/channel\/UCDRuk9Rlb4w0MXa9G-zF2WA#Organization","url":"https:\/\/www.youtube.com\/channel\/UCDRuk9Rlb4w0MXa9G-zF2WA","name":"H\u00f4pital du Sacr\u00e9-Coeur de Montr\u00e9al","description":"Bienvenue sur la page de la Fondation de l'H\u00f4pital du Sacr\u00e9-Coeur de Montr\u00e9al (FHSCM). Membre du grand r\u00e9seau d'excellence en sant\u00e9 form\u00e9 de l'Universit\u00e9 de Montr\u00e9al et de ses \u00e9tablissements affili\u00e9s, l\u2019H\u00f4pital du Sacr\u00e9-Coeur de Montr\u00e9al est une installation du CIUSSS du-Nord-de-l\u2019\u00cele-de-Montr\u00e9al. Centre suprar\u00e9gional, il compte quatre axes strat\u00e9giques : la trauma -- soins aigus et critiques, la sant\u00e9 cardiovasculaire, la sant\u00e9 respiratoire et la sant\u00e9 mentale. Il comprend \u00e9galement deux secteurs de pointe, soit l'orthop\u00e9die tertiaire et la chirurgie bariatrique. Cr\u00e9\u00e9e en 1976, la Fondation contribue financi\u00e8rement aux objectifs de l'\u00e9tablissement de sant\u00e9 par une pr\u00e9sence soutenue aupr\u00e8s des leaders \u00e9conomiques et sociaux de la communaut\u00e9. Elle verse en moyenne plus de 4 millions de dollars par ann\u00e9e pour la r\u00e9alisation de projets jug\u00e9s prioritaires pour l\u2019h\u00f4pital. www.fondationhscm.org.","logo":{"url":"https:\/\/yt3.ggpht.com\/ytc\/AIdro_m6pG4buke2QvFMZVrynTi0Vz06fk3YdX307bcsh-K2SsM=s800-c-k-c0x00ffffff-no-rj","width":800,"height":800,"@type":"ImageObject","@id":"https:\/\/www.youtube.com\/watch?v=9E90OI6hdyQ#VideoObject_publisher_logo_ImageObject"}},"potentialAction":{"@type":"SeekToAction","@id":"https:\/\/www.youtube.com\/watch?v=9E90OI6hdyQ#VideoObject_potentialAction","target":"https:\/\/www.youtube.com\/watch?v=9E90OI6hdyQ&t={seek_to_second_number}","startOffset-input":"required name=seek_to_second_number"},"interactionStatistic":[[{"@type":"InteractionCounter","@id":"https:\/\/www.youtube.com\/watch?v=9E90OI6hdyQ#VideoObject_interactionStatistic_WatchAction","interactionType":{"@type":"WatchAction"},"userInteractionCount":211470}],{"@type":"InteractionCounter","@id":"https:\/\/www.youtube.com\/watch?v=9E90OI6hdyQ#VideoObject_interactionStatistic_LikeAction","interactionType":{"@type":"LikeAction"},"userInteractionCount":279}]},{"@context":"http:\/\/schema.org\/","@type":"VideoObject","@id":"https:\/\/www.youtube.com\/watch?v=6QBUhN4I8R8#VideoObject","contentUrl":"https:\/\/www.youtube.com\/watch?v=6QBUhN4I8R8","name":"Reportage: de l'action \u00e0 l'H\u00f4pital du Sacr\u00e9-Coeur de Montr\u00e9al!","description":"Un homme-canon, Rodger Brulotte, une file record et Maxime Talbot sur fond de reportage chinois? Pas de doute, il se passe quelque chose de dr\u00f4le \u00e0 l'H\u00f4pital du Sacr\u00e9-C\u0153ur de Montr\u00e9al!\r\n\r\nVid\u00e9o 2010 pour le recrutement de personnel mettant en vedette les employ\u00e9s de l'h\u00f4pital. Tu es dynamique et tu n'as pas peur des d\u00e9fis? Envoie-nous ton cv d\u00e8s maintenant au hscm.ca Savoir s'amuser, un atout!\r\n\r\nhttp:\/\/www.hscm.ca\/faites-carriere-a-lhscm\/index.html","thumbnailUrl":["https:\/\/i.ytimg.com\/vi\/6QBUhN4I8R8\/default.jpg","https:\/\/i.ytimg.com\/vi\/6QBUhN4I8R8\/mqdefault.jpg","https:\/\/i.ytimg.com\/vi\/6QBUhN4I8R8\/hqdefault.jpg"],"uploadDate":"2010-09-09T00:44:06+00:00","duration":"PT2M47S","embedUrl":"https:\/\/www.youtube.com\/embed\/6QBUhN4I8R8","publisher":{"@type":"Organization","@id":"https:\/\/www.youtube.com\/channel\/UCDRuk9Rlb4w0MXa9G-zF2WA#Organization","url":"https:\/\/www.youtube.com\/channel\/UCDRuk9Rlb4w0MXa9G-zF2WA","name":"H\u00f4pital du Sacr\u00e9-Coeur de Montr\u00e9al","description":"Bienvenue sur la page de la Fondation de l'H\u00f4pital du Sacr\u00e9-Coeur de Montr\u00e9al (FHSCM). Membre du grand r\u00e9seau d'excellence en sant\u00e9 form\u00e9 de l'Universit\u00e9 de Montr\u00e9al et de ses \u00e9tablissements affili\u00e9s, l\u2019H\u00f4pital du Sacr\u00e9-Coeur de Montr\u00e9al est une installation du CIUSSS du-Nord-de-l\u2019\u00cele-de-Montr\u00e9al. Centre suprar\u00e9gional, il compte quatre axes strat\u00e9giques : la trauma -- soins aigus et critiques, la sant\u00e9 cardiovasculaire, la sant\u00e9 respiratoire et la sant\u00e9 mentale. Il comprend \u00e9galement deux secteurs de pointe, soit l'orthop\u00e9die tertiaire et la chirurgie bariatrique. Cr\u00e9\u00e9e en 1976, la Fondation contribue financi\u00e8rement aux objectifs de l'\u00e9tablissement de sant\u00e9 par une pr\u00e9sence soutenue aupr\u00e8s des leaders \u00e9conomiques et sociaux de la communaut\u00e9. Elle verse en moyenne plus de 4 millions de dollars par ann\u00e9e pour la r\u00e9alisation de projets jug\u00e9s prioritaires pour l\u2019h\u00f4pital. www.fondationhscm.org.","logo":{"url":"https:\/\/yt3.ggpht.com\/ytc\/AIdro_m6pG4buke2QvFMZVrynTi0Vz06fk3YdX307bcsh-K2SsM=s800-c-k-c0x00ffffff-no-rj","width":800,"height":800,"@type":"ImageObject","@id":"https:\/\/www.youtube.com\/watch?v=6QBUhN4I8R8#VideoObject_publisher_logo_ImageObject"}},"potentialAction":{"@type":"SeekToAction","@id":"https:\/\/www.youtube.com\/watch?v=6QBUhN4I8R8#VideoObject_potentialAction","target":"https:\/\/www.youtube.com\/watch?v=6QBUhN4I8R8&t={seek_to_second_number}","startOffset-input":"required name=seek_to_second_number"},"interactionStatistic":[[{"@type":"InteractionCounter","@id":"https:\/\/www.youtube.com\/watch?v=6QBUhN4I8R8#VideoObject_interactionStatistic_WatchAction","interactionType":{"@type":"WatchAction"},"userInteractionCount":45417}],{"@type":"InteractionCounter","@id":"https:\/\/www.youtube.com\/watch?v=6QBUhN4I8R8#VideoObject_interactionStatistic_LikeAction","interactionType":{"@type":"LikeAction"},"userInteractionCount":23}]}],"about":["Marketing RH"],"wordCount":515,"keywords":["footer"]},{"@context":"https:\/\/schema.org\/","@type":"BreadcrumbList","itemListElement":[{"@type":"ListItem","position":1,"name":"Blog","item":"https:\/\/www.manuristrategies.com\/blog\/#breadcrumbitem"},{"@type":"ListItem","position":2,"name":"2025","item":"https:\/\/www.manuristrategies.com\/blog\/\/2025\/#breadcrumbitem"},{"@type":"ListItem","position":3,"name":"04","item":"https:\/\/www.manuristrategies.com\/blog\/\/2025\/\/04\/#breadcrumbitem"},{"@type":"ListItem","position":4,"name":"29","item":"https:\/\/www.manuristrategies.com\/blog\/\/2025\/\/04\/\/29\/#breadcrumbitem"},{"@type":"ListItem","position":5,"name":"15 ans plus tard : Une campagne de marque employeur qui r\u00e9sonne encore","item":"https:\/\/www.manuristrategies.com\/blog\/2025\/04\/29\/une-campagne-marque-employeur-qui-resonne-encore\/#breadcrumbitem"}]}]