[{"@context":"https:\/\/schema.org\/","@type":"BlogPosting","@id":"https:\/\/www.manuristrategies.com\/blog\/2015\/07\/03\/espresso-allonge-comiccon-de-montreal-2015\/#BlogPosting","mainEntityOfPage":"https:\/\/www.manuristrategies.com\/blog\/2015\/07\/03\/espresso-allonge-comiccon-de-montreal-2015\/","headline":"Espresso Allong\u00e9 &#8211; Comiccon de Montr\u00e9al 2015","name":"Espresso Allong\u00e9 &#8211; Comiccon de Montr\u00e9al 2015","description":"Pour l\u2019Espresso Allong\u00e9\u00a0de la semaine, je tenais \u00e0 faire un sp\u00e9cial Comiccon\u00a0Montr\u00e9al. D&rsquo;une part pour vous aviser qu&rsquo;il peut \u00eatre \u00ab\u00a0normal\u00a0\u00bb d&rsquo;ici les prochaines journ\u00e9es d&rsquo;apercevoir des elfes, des superh\u00e9ros ou des jedis se promener au centre-ville et dans le m\u00e9tro de Montr\u00e9al. D&rsquo;autre part, pour partager ces savoureuses\u00a0publicit\u00e9s faisant la promotion de l&rsquo;\u00e9v\u00e9nement. Le Comiccon de Montr\u00e9al est un \u00e9v\u00e9nement consacr\u00e9 \u00e0 la culture populaire pr\u00e9sentant des artistes et des produits ax\u00e9s sur la science-fiction, l\u2019horreur, l\u2019anime, les jeux vid\u00e9o, les jeux sur table et, bien entendu, les bandes dessin\u00e9es et les comic books. L&rsquo;\u00e9dition\u00a02015 se d\u00e9roule en ce moment, soit du 3 au 5 juillet 2015 au Palais des Congr\u00e8s.\u00a0 &nbsp; Publicit\u00e9 &#8211; \u00c9dition 2015 &nbsp; Publicit\u00e9 &#8211; \u00c9dition 2014 &nbsp; Publicit\u00e9 &#8211; \u00c9dition 2014 (version longue) &nbsp; L\u2019Espresso Allong\u00e9, la pause d\u00e9tente publicitaire du vendredi qui saura vous divertir, vous \u00e9mouvoir ou vous troubler, mais vous fera peut-\u00eatre d\u00e9couvrir certaines nouveaut\u00e9s ou vous rappeler quelques souvenirs.","datePublished":"2015-07-03","dateModified":"2025-05-23","author":{"@type":"Person","@id":"https:\/\/www.manuristrategies.com\/blog\/author\/yannickmanurimedia-com\/#Person","name":"Manuri Strat\u00e9gies | Yannick Manuri","url":"https:\/\/www.manuristrategies.com\/blog\/author\/yannickmanurimedia-com\/","identifier":3,"image":{"@type":"ImageObject","@id":"https:\/\/secure.gravatar.com\/avatar\/ff96bfccbfee82ace16f1445c10bf5c7b48abd14370162c116e78416b69f8c84?s=96&d=mm&r=g","url":"https:\/\/secure.gravatar.com\/avatar\/ff96bfccbfee82ace16f1445c10bf5c7b48abd14370162c116e78416b69f8c84?s=96&d=mm&r=g","height":96,"width":96}},"publisher":{"@type":"Organization","name":"Manuri Strat\u00e9gies | Yannick Manuri","logo":{"@type":"ImageObject","@id":"https:\/\/www.manuristrategies.com\/wp-content\/uploads\/2022\/12\/manuri_logo_250x250.png","url":"https:\/\/www.manuristrategies.com\/wp-content\/uploads\/2022\/12\/manuri_logo_250x250.png","width":600,"height":60}},"image":{"@type":"ImageObject","@id":"https:\/\/www.manuristrategies.com\/wp-content\/uploads\/2023\/02\/manuri-featured-image.png","url":"https:\/\/www.manuristrategies.com\/wp-content\/uploads\/2023\/02\/manuri-featured-image.png","height":619,"width":1100},"url":"https:\/\/www.manuristrategies.com\/blog\/2015\/07\/03\/espresso-allonge-comiccon-de-montreal-2015\/","about":["Espresso Allong\u00e9"],"wordCount":189},{"@context":"https:\/\/schema.org\/","@type":"BreadcrumbList","itemListElement":[{"@type":"ListItem","position":1,"name":"Blog","item":"https:\/\/www.manuristrategies.com\/blog\/#breadcrumbitem"},{"@type":"ListItem","position":2,"name":"2015","item":"https:\/\/www.manuristrategies.com\/blog\/\/2015\/#breadcrumbitem"},{"@type":"ListItem","position":3,"name":"07","item":"https:\/\/www.manuristrategies.com\/blog\/\/2015\/\/07\/#breadcrumbitem"},{"@type":"ListItem","position":4,"name":"03","item":"https:\/\/www.manuristrategies.com\/blog\/\/2015\/\/07\/\/03\/#breadcrumbitem"},{"@type":"ListItem","position":5,"name":"Espresso Allong\u00e9 &#8211; Comiccon de Montr\u00e9al 2015","item":"https:\/\/www.manuristrategies.com\/blog\/2015\/07\/03\/espresso-allonge-comiccon-de-montreal-2015\/#breadcrumbitem"}]}]